{"id":7638,"date":"2022-07-13T19:52:08","date_gmt":"2022-07-13T17:52:08","guid":{"rendered":"https:\/\/teamdochnoch.de\/?p=7638"},"modified":"2022-07-15T18:27:43","modified_gmt":"2022-07-15T16:27:43","slug":"blekinge","status":"publish","type":"post","link":"https:\/\/teamdochnoch.de\/teamdochnoch\/2022\/07\/13\/blekinge\/","title":{"rendered":"Blekinge"},"content":{"rendered":"\n<p>Wir arbeiten uns langsam die Ostk\u00fcste hoch. Heute sind wir \u00f6stlich von Karlskrona. Die K\u00fcste \u00e4ndert sich hier. Die \u00f6stlichen Sch\u00e4ren beginnen. Sp\u00e4testens ab hier m\u00fcssten wir eigentlich ein Schiff nehmen. Folkeboot oder so. Mit der Dochnoch k\u00f6nnte es anstrengend werden. Der Wind weht schon wieder mit sehr satten 5 Bft vielleicht sogar B\u00f6en bis 7 Bft. Es ist wieder frischer geworden. Die Schweden st\u00f6rt es kaum. Sie liegen in der Sonne oder baden da wo es geht. Das Wasser ist hier allerdings relativ l\u00fcmerig. <\/p>\n\n\n\n<figure class=\"wp-block-image size-full\"><a href=\"https:\/\/teamdochnoch.de\/wp-content\/uploads\/2022\/07\/IMG_20220713_195914.jpg\"><img loading=\"lazy\" decoding=\"async\" width=\"1920\" height=\"1200\" src=\"https:\/\/teamdochnoch.de\/wp-content\/uploads\/2022\/07\/IMG_20220713_195914.jpg\" alt=\"\" class=\"wp-image-7640 colorbox-7638\" srcset=\"https:\/\/teamdochnoch.de\/wp-content\/uploads\/2022\/07\/IMG_20220713_195914.jpg 1920w, https:\/\/teamdochnoch.de\/wp-content\/uploads\/2022\/07\/IMG_20220713_195914-300x188.jpg 300w, https:\/\/teamdochnoch.de\/wp-content\/uploads\/2022\/07\/IMG_20220713_195914-1024x640.jpg 1024w, https:\/\/teamdochnoch.de\/wp-content\/uploads\/2022\/07\/IMG_20220713_195914-768x480.jpg 768w, https:\/\/teamdochnoch.de\/wp-content\/uploads\/2022\/07\/IMG_20220713_195914-1536x960.jpg 1536w\" sizes=\"auto, (max-width: 1920px) 100vw, 1920px\" \/><\/a><\/figure>\n\n\n\n<p>Badestege sind eigentlich fast schon \u00fcblich. Sei es wegen des starken Unterwasserbewuchses oder der sanft abfallenden Ufer wegen.<\/p>\n\n\n\n<p>Es gibt Mobilt\u00e4tswohnkonzepte, die mir leichte R\u00e4tsel aufgeben. Was ist der wirkliche Nutzen eines solchen Miniwohnwagens. Wenn man die T\u00fcr aufmacht, wird man na\u00df, innen ist kaum mehr Platz als f\u00fcr eine Doppelkoje. Mit einem Vorzelt k\u00f6nnte es vielleicht noch irgendwas werden&#8230;.<\/p>\n\n\n\n<figure class=\"wp-block-image size-full\"><a href=\"https:\/\/teamdochnoch.de\/wp-content\/uploads\/2022\/07\/IMG_20220713_195828.jpg\"><img loading=\"lazy\" decoding=\"async\" width=\"1920\" height=\"1200\" src=\"https:\/\/teamdochnoch.de\/wp-content\/uploads\/2022\/07\/IMG_20220713_195828.jpg\" alt=\"\" class=\"wp-image-7641 colorbox-7638\" srcset=\"https:\/\/teamdochnoch.de\/wp-content\/uploads\/2022\/07\/IMG_20220713_195828.jpg 1920w, https:\/\/teamdochnoch.de\/wp-content\/uploads\/2022\/07\/IMG_20220713_195828-300x188.jpg 300w, https:\/\/teamdochnoch.de\/wp-content\/uploads\/2022\/07\/IMG_20220713_195828-1024x640.jpg 1024w, https:\/\/teamdochnoch.de\/wp-content\/uploads\/2022\/07\/IMG_20220713_195828-768x480.jpg 768w, https:\/\/teamdochnoch.de\/wp-content\/uploads\/2022\/07\/IMG_20220713_195828-1536x960.jpg 1536w\" sizes=\"auto, (max-width: 1920px) 100vw, 1920px\" \/><\/a><\/figure>\n\n\n\n<p>Wir wollten zuerst in Karlskrona auf den Zeltplatz auf der Insel Drags\u00f6  gehen. Aber der war so eng und voll, dass wir gleich wieder umgedreht haben. Vorteil w\u00e4re nur, dass es bis zum Zentrum nur gut 2 Kilometer waren.<\/p>\n\n\n\n<figure class=\"wp-block-image size-full\"><a href=\"https:\/\/teamdochnoch.de\/wp-content\/uploads\/2022\/07\/IMG_20220713_205759.jpg\"><img loading=\"lazy\" decoding=\"async\" width=\"1920\" height=\"1200\" src=\"https:\/\/teamdochnoch.de\/wp-content\/uploads\/2022\/07\/IMG_20220713_205759.jpg\" alt=\"\" class=\"wp-image-7645 colorbox-7638\" srcset=\"https:\/\/teamdochnoch.de\/wp-content\/uploads\/2022\/07\/IMG_20220713_205759.jpg 1920w, https:\/\/teamdochnoch.de\/wp-content\/uploads\/2022\/07\/IMG_20220713_205759-300x188.jpg 300w, https:\/\/teamdochnoch.de\/wp-content\/uploads\/2022\/07\/IMG_20220713_205759-1024x640.jpg 1024w, https:\/\/teamdochnoch.de\/wp-content\/uploads\/2022\/07\/IMG_20220713_205759-768x480.jpg 768w, https:\/\/teamdochnoch.de\/wp-content\/uploads\/2022\/07\/IMG_20220713_205759-1536x960.jpg 1536w\" sizes=\"auto, (max-width: 1920px) 100vw, 1920px\" \/><\/a><\/figure>\n\n\n\n<p>Der Wind nimmt zum Abend kaum ab. Er hat inzwischen aber auch die letzte Wolke hinweggefegt. Daf\u00fcr habe ich M\u00fctze und Daunenjacke angezogen f\u00fcr den Abend.<\/p>\n\n\n\n<figure class=\"wp-block-image size-full\"><a href=\"https:\/\/teamdochnoch.de\/wp-content\/uploads\/2022\/07\/IMG_20220713_195745.jpg\"><img loading=\"lazy\" decoding=\"async\" width=\"1920\" height=\"1200\" src=\"https:\/\/teamdochnoch.de\/wp-content\/uploads\/2022\/07\/IMG_20220713_195745.jpg\" alt=\"\" class=\"wp-image-7643 colorbox-7638\" srcset=\"https:\/\/teamdochnoch.de\/wp-content\/uploads\/2022\/07\/IMG_20220713_195745.jpg 1920w, https:\/\/teamdochnoch.de\/wp-content\/uploads\/2022\/07\/IMG_20220713_195745-300x188.jpg 300w, https:\/\/teamdochnoch.de\/wp-content\/uploads\/2022\/07\/IMG_20220713_195745-1024x640.jpg 1024w, https:\/\/teamdochnoch.de\/wp-content\/uploads\/2022\/07\/IMG_20220713_195745-768x480.jpg 768w, https:\/\/teamdochnoch.de\/wp-content\/uploads\/2022\/07\/IMG_20220713_195745-1536x960.jpg 1536w\" sizes=\"auto, (max-width: 1920px) 100vw, 1920px\" \/><\/a><\/figure>\n","protected":false},"excerpt":{"rendered":"<p>Wir arbeiten uns langsam die Ostk\u00fcste hoch. Heute sind wir \u00f6stlich von Karlskrona. Die K\u00fcste \u00e4ndert sich hier. Die \u00f6stlichen Sch\u00e4ren beginnen. Sp\u00e4testens ab hier m\u00fcssten wir eigentlich ein Schiff nehmen. Folkeboot oder so. Mit der Dochnoch k\u00f6nnte es anstrengend werden. Der Wind weht schon wieder mit sehr satten 5 Bft vielleicht sogar B\u00f6en bis [&hellip;]<\/p>\n","protected":false},"author":1,"featured_media":7640,"comment_status":"open","ping_status":"open","sticky":false,"template":"","format":"standard","meta":{"footnotes":""},"categories":[362],"tags":[384,368,357,422,421,387],"class_list":["post-7638","post","type-post","status-publish","format-standard","has-post-thumbnail","hentry","category-unterwegs","tag-blekinge","tag-ostsee","tag-schweden","tag-steg","tag-strand","tag-trummenaes"],"_links":{"self":[{"href":"https:\/\/teamdochnoch.de\/teamdochnoch\/wp-json\/wp\/v2\/posts\/7638","targetHints":{"allow":["GET"]}}],"collection":[{"href":"https:\/\/teamdochnoch.de\/teamdochnoch\/wp-json\/wp\/v2\/posts"}],"about":[{"href":"https:\/\/teamdochnoch.de\/teamdochnoch\/wp-json\/wp\/v2\/types\/post"}],"author":[{"embeddable":true,"href":"https:\/\/teamdochnoch.de\/teamdochnoch\/wp-json\/wp\/v2\/users\/1"}],"replies":[{"embeddable":true,"href":"https:\/\/teamdochnoch.de\/teamdochnoch\/wp-json\/wp\/v2\/comments?post=7638"}],"version-history":[{"count":4,"href":"https:\/\/teamdochnoch.de\/teamdochnoch\/wp-json\/wp\/v2\/posts\/7638\/revisions"}],"predecessor-version":[{"id":7646,"href":"https:\/\/teamdochnoch.de\/teamdochnoch\/wp-json\/wp\/v2\/posts\/7638\/revisions\/7646"}],"wp:featuredmedia":[{"embeddable":true,"href":"https:\/\/teamdochnoch.de\/teamdochnoch\/wp-json\/wp\/v2\/media\/7640"}],"wp:attachment":[{"href":"https:\/\/teamdochnoch.de\/teamdochnoch\/wp-json\/wp\/v2\/media?parent=7638"}],"wp:term":[{"taxonomy":"category","embeddable":true,"href":"https:\/\/teamdochnoch.de\/teamdochnoch\/wp-json\/wp\/v2\/categories?post=7638"},{"taxonomy":"post_tag","embeddable":true,"href":"https:\/\/teamdochnoch.de\/teamdochnoch\/wp-json\/wp\/v2\/tags?post=7638"}],"curies":[{"name":"wp","href":"https:\/\/api.w.org\/{rel}","templated":true}]}}