{"id":12281,"date":"2026-03-26T21:30:56","date_gmt":"2026-03-26T20:30:56","guid":{"rendered":"https:\/\/teamdochnoch.de\/teamdochnoch\/?p=12281"},"modified":"2026-05-03T15:05:08","modified_gmt":"2026-05-03T13:05:08","slug":"umweltfreundlich-durch-lange-nutzung","status":"publish","type":"post","link":"https:\/\/teamdochnoch.de\/teamdochnoch\/2026\/03\/26\/umweltfreundlich-durch-lange-nutzung\/","title":{"rendered":"Umweltfreundlich durch lange Nutzung"},"content":{"rendered":"\n<figure class=\"wp-block-image\"><a href=\"https:\/\/teamdochnoch.de\/wp-content\/uploads\/2026\/03\/a7409157-11716559433820939941.jpg\"><img loading=\"lazy\" decoding=\"async\" width=\"1920\" height=\"1200\" src=\"https:\/\/teamdochnoch.de\/wp-content\/uploads\/2026\/03\/a7409157-11716559433820939941.jpg\" alt=\"\" class=\"wp-image-12280 colorbox-12281\" srcset=\"https:\/\/teamdochnoch.de\/wp-content\/uploads\/2026\/03\/a7409157-11716559433820939941.jpg 1920w, https:\/\/teamdochnoch.de\/wp-content\/uploads\/2026\/03\/a7409157-11716559433820939941-300x188.jpg 300w, https:\/\/teamdochnoch.de\/wp-content\/uploads\/2026\/03\/a7409157-11716559433820939941-768x480.jpg 768w, https:\/\/teamdochnoch.de\/wp-content\/uploads\/2026\/03\/a7409157-11716559433820939941-1536x960.jpg 1536w\" sizes=\"auto, (max-width: 1920px) 100vw, 1920px\" \/><\/a><\/figure>\n\n\n\n<p>Ich hatte vor einigen Tagen ein \u00e4lteres Auto vor mir, auf dem am Heck ein Aufkleber angebracht war mit dem Spruch &#8222;Umweltfreundlich durch lange Nutzung&#8220;. \u00c4hnliches geht mir schon lange durch den Kopf, wenn ich in meinen inzwischen 19 Jahre alten V70 der dritten Generation steige.<\/p>\n\n\n\n<p>Nat\u00fcrlich w\u00e4re weniger fahren noch umweltfreundlicher, aber das lie\u00df sich bei mir aus den verschiedensten Gr\u00fcnden nicht einrichten. Und so kann ich meinen Beitrag nur durch einen sanften Gasfu\u00df und eben durch lange Nutzung leisten.<\/p>\n","protected":false},"excerpt":{"rendered":"<p>Ich hatte vor einigen Tagen ein \u00e4lteres Auto vor mir, auf dem am Heck ein Aufkleber angebracht war mit dem Spruch &#8222;Umweltfreundlich durch lange Nutzung&#8220;. \u00c4hnliches geht mir schon lange durch den Kopf, wenn ich in meinen inzwischen 19 Jahre alten V70 der dritten Generation steige. Nat\u00fcrlich w\u00e4re weniger fahren noch umweltfreundlicher, aber das lie\u00df [&hellip;]<\/p>\n","protected":false},"author":1,"featured_media":12280,"comment_status":"open","ping_status":"open","sticky":false,"template":"","format":"standard","meta":{"footnotes":""},"categories":[5],"tags":[1286,35,532,241,389,245],"class_list":["post-12281","post","type-post","status-publish","format-standard","has-post-thumbnail","hentry","category-verkehr","tag-altmetall","tag-auto","tag-splitter","tag-v70","tag-verkehr","tag-volvo"],"_links":{"self":[{"href":"https:\/\/teamdochnoch.de\/teamdochnoch\/wp-json\/wp\/v2\/posts\/12281","targetHints":{"allow":["GET"]}}],"collection":[{"href":"https:\/\/teamdochnoch.de\/teamdochnoch\/wp-json\/wp\/v2\/posts"}],"about":[{"href":"https:\/\/teamdochnoch.de\/teamdochnoch\/wp-json\/wp\/v2\/types\/post"}],"author":[{"embeddable":true,"href":"https:\/\/teamdochnoch.de\/teamdochnoch\/wp-json\/wp\/v2\/users\/1"}],"replies":[{"embeddable":true,"href":"https:\/\/teamdochnoch.de\/teamdochnoch\/wp-json\/wp\/v2\/comments?post=12281"}],"version-history":[{"count":1,"href":"https:\/\/teamdochnoch.de\/teamdochnoch\/wp-json\/wp\/v2\/posts\/12281\/revisions"}],"predecessor-version":[{"id":12282,"href":"https:\/\/teamdochnoch.de\/teamdochnoch\/wp-json\/wp\/v2\/posts\/12281\/revisions\/12282"}],"wp:featuredmedia":[{"embeddable":true,"href":"https:\/\/teamdochnoch.de\/teamdochnoch\/wp-json\/wp\/v2\/media\/12280"}],"wp:attachment":[{"href":"https:\/\/teamdochnoch.de\/teamdochnoch\/wp-json\/wp\/v2\/media?parent=12281"}],"wp:term":[{"taxonomy":"category","embeddable":true,"href":"https:\/\/teamdochnoch.de\/teamdochnoch\/wp-json\/wp\/v2\/categories?post=12281"},{"taxonomy":"post_tag","embeddable":true,"href":"https:\/\/teamdochnoch.de\/teamdochnoch\/wp-json\/wp\/v2\/tags?post=12281"}],"curies":[{"name":"wp","href":"https:\/\/api.w.org\/{rel}","templated":true}]}}