{"id":10693,"date":"1968-07-20T11:30:00","date_gmt":"1968-07-20T10:30:00","guid":{"rendered":"https:\/\/teamdochnoch.de\/?p=10693"},"modified":"2024-07-12T20:39:36","modified_gmt":"2024-07-12T18:39:36","slug":"ulli-und-hansi-auf-dem-berliner-baer-1968","status":"publish","type":"post","link":"https:\/\/teamdochnoch.de\/teamdochnoch\/1968\/07\/20\/ulli-und-hansi-auf-dem-berliner-baer-1968\/","title":{"rendered":"Ulli und Hansi auf dem Berliner B\u00e4r 1968"},"content":{"rendered":"\n<figure class=\"wp-block-image size-full\"><a href=\"https:\/\/teamdochnoch.de\/wp-content\/uploads\/2024\/07\/IMG_20240711_111426.jpg\"><img loading=\"lazy\" decoding=\"async\" width=\"1920\" height=\"1200\" src=\"https:\/\/teamdochnoch.de\/wp-content\/uploads\/2024\/07\/IMG_20240711_111426.jpg\" alt=\"\" class=\"wp-image-10691 colorbox-10693\" srcset=\"https:\/\/teamdochnoch.de\/wp-content\/uploads\/2024\/07\/IMG_20240711_111426.jpg 1920w, https:\/\/teamdochnoch.de\/wp-content\/uploads\/2024\/07\/IMG_20240711_111426-300x188.jpg 300w, https:\/\/teamdochnoch.de\/wp-content\/uploads\/2024\/07\/IMG_20240711_111426-768x480.jpg 768w, https:\/\/teamdochnoch.de\/wp-content\/uploads\/2024\/07\/IMG_20240711_111426-1536x960.jpg 1536w\" sizes=\"auto, (max-width: 1920px) 100vw, 1920px\" \/><\/a><\/figure>\n\n\n\n<p>Ulli und Hansi auf dem Berliner B\u00e4r 1968 stand auf den beiden Fotos, die mir Hansi im Fr\u00fchsommer 2024 \u00fcberreichte. Es ist ein Blick zur\u00fcck in eine l\u00e4ngst vergangene Zeit oder \u00c4ra. Seitdem ich denken konnte, war mein Vati auf dem &#8222;Berliner B\u00e4ren&#8220; aktiv und hat in dieser Zeit auch viele Segler unseres Vereins zum Langstreckensegeln motiviert.<\/p>\n\n\n\n<figure class=\"wp-block-image size-full\"><a href=\"https:\/\/teamdochnoch.de\/wp-content\/uploads\/2024\/07\/IMG_20240711_111530.jpg\"><img loading=\"lazy\" decoding=\"async\" width=\"1920\" height=\"1200\" src=\"https:\/\/teamdochnoch.de\/wp-content\/uploads\/2024\/07\/IMG_20240711_111530.jpg\" alt=\"\" class=\"wp-image-10692 colorbox-10693\" srcset=\"https:\/\/teamdochnoch.de\/wp-content\/uploads\/2024\/07\/IMG_20240711_111530.jpg 1920w, https:\/\/teamdochnoch.de\/wp-content\/uploads\/2024\/07\/IMG_20240711_111530-300x188.jpg 300w, https:\/\/teamdochnoch.de\/wp-content\/uploads\/2024\/07\/IMG_20240711_111530-768x480.jpg 768w, https:\/\/teamdochnoch.de\/wp-content\/uploads\/2024\/07\/IMG_20240711_111530-1536x960.jpg 1536w\" sizes=\"auto, (max-width: 1920px) 100vw, 1920px\" \/><\/a><\/figure>\n","protected":false},"excerpt":{"rendered":"<p>Ulli und Hansi auf dem Berliner B\u00e4r 1968 stand auf den beiden Fotos, die mir Hansi im Fr\u00fchsommer 2024 \u00fcberreichte. Es ist ein Blick zur\u00fcck in eine l\u00e4ngst vergangene Zeit oder \u00c4ra. Seitdem ich denken konnte, war mein Vati auf dem &#8222;Berliner B\u00e4ren&#8220; aktiv und hat in dieser Zeit auch viele Segler unseres Vereins zum [&hellip;]<\/p>\n","protected":false},"author":1,"featured_media":10691,"comment_status":"open","ping_status":"open","sticky":false,"template":"","format":"standard","meta":{"footnotes":""},"categories":[274,307,289],"tags":[1597,62,368,207],"class_list":["post-10693","post","type-post","status-publish","format-standard","has-post-thumbnail","hentry","category-sport","category-wasser","category-wassersport","tag-berliner-baer","tag-damals","tag-ostsee","tag-segeln"],"_links":{"self":[{"href":"https:\/\/teamdochnoch.de\/teamdochnoch\/wp-json\/wp\/v2\/posts\/10693","targetHints":{"allow":["GET"]}}],"collection":[{"href":"https:\/\/teamdochnoch.de\/teamdochnoch\/wp-json\/wp\/v2\/posts"}],"about":[{"href":"https:\/\/teamdochnoch.de\/teamdochnoch\/wp-json\/wp\/v2\/types\/post"}],"author":[{"embeddable":true,"href":"https:\/\/teamdochnoch.de\/teamdochnoch\/wp-json\/wp\/v2\/users\/1"}],"replies":[{"embeddable":true,"href":"https:\/\/teamdochnoch.de\/teamdochnoch\/wp-json\/wp\/v2\/comments?post=10693"}],"version-history":[{"count":3,"href":"https:\/\/teamdochnoch.de\/teamdochnoch\/wp-json\/wp\/v2\/posts\/10693\/revisions"}],"predecessor-version":[{"id":10705,"href":"https:\/\/teamdochnoch.de\/teamdochnoch\/wp-json\/wp\/v2\/posts\/10693\/revisions\/10705"}],"wp:featuredmedia":[{"embeddable":true,"href":"https:\/\/teamdochnoch.de\/teamdochnoch\/wp-json\/wp\/v2\/media\/10691"}],"wp:attachment":[{"href":"https:\/\/teamdochnoch.de\/teamdochnoch\/wp-json\/wp\/v2\/media?parent=10693"}],"wp:term":[{"taxonomy":"category","embeddable":true,"href":"https:\/\/teamdochnoch.de\/teamdochnoch\/wp-json\/wp\/v2\/categories?post=10693"},{"taxonomy":"post_tag","embeddable":true,"href":"https:\/\/teamdochnoch.de\/teamdochnoch\/wp-json\/wp\/v2\/tags?post=10693"}],"curies":[{"name":"wp","href":"https:\/\/api.w.org\/{rel}","templated":true}]}}