{"id":10685,"date":"2024-06-20T16:21:00","date_gmt":"2024-06-20T14:21:00","guid":{"rendered":"https:\/\/teamdochnoch.de\/?p=10685"},"modified":"2025-05-09T07:09:46","modified_gmt":"2025-05-09T05:09:46","slug":"garnisionsfriedhof-in-westend","status":"publish","type":"post","link":"https:\/\/teamdochnoch.de\/teamdochnoch\/2024\/06\/20\/garnisionsfriedhof-in-westend\/","title":{"rendered":"Garnisionsfriedhof in Westend"},"content":{"rendered":"\n<p>Auf dem Heimweg halte ich kurz am Garnisonsfriedhof im Eberswalder Westend an und denke zur\u00fcck an die Zeit, die wir nicht erleben mussten, die aber unsere Region und unsere Familien so stark gepr\u00e4gt haben. Ich w\u00fcnsche mir, dass es nie wieder so weit kommt.<\/p>\n\n\n\n<p>In zwei Tagen am 22.06.2024 wird sich der Tag des \u00dcberfalls auf die Sowjetunion zum 83. Mal j\u00e4hren:<\/p>\n\n\n\n<blockquote class=\"wp-block-quote is-layout-flow wp-block-quote-is-layout-flow\">\n<p>Der Deutsch-Sowjetische Krieg war Teil des Zweiten Weltkrieges und begann am 22. Juni 1941 mit dem deutschen \u00dcberfall auf die Sowjetunion. Er endete am 8. Mai 1945 zugleich mit der bedingungslosen Kapitulation der Wehrmacht in Berlin. Im Deutschen Reich wurde er als Russland- oder Ostfeldzug bezeichnet, in der fr\u00fcheren Sowjetunion, dem heutigen Russland und einigen anderen Nachfolgestaaten der Sowjetunion als Gro\u00dfer Vaterl\u00e4ndischer Krieg (russisch <a href=\"https:\/\/ru.wikipedia.org\/wiki\/%D0%92%D0%B5%D0%BB%D0%B8%D0%BA%D0%B0%D1%8F_%D0%9E%D1%82%D0%B5%D1%87%D0%B5%D1%81%D1%82%D0%B2%D0%B5%D0%BD%D0%BD%D0%B0%D1%8F_%D0%B2%D0%BE%D0%B9%D0%BD%D0%B0\" target=\"_blank\" rel=\"noreferrer noopener\">\u0412\u0435\u043b\u0438\u043a\u0430\u044f \u041e\u0442\u0435\u0447\u0435\u0441\u0442\u0432\u0435\u043d\u043d\u0430\u044f \u0432\u043e\u0439\u043d\u0430<\/a> Welikaja Otetschestwennaja woina).&lt;&lt;<br \/>&#8230;<br \/>Um f\u00fcr die \u201earische Herrenrasse\u201c \u201eLebensraum im Osten\u201c zu erobern und den \u201ej\u00fcdischen Bolschewismus\u201c zu vernichten, sollten gro\u00dfe Teile der sowjetischen Bev\u00f6lkerung vertrieben, versklavt und get\u00f6tet werden. Das NS-Regime nahm den millionenfachen Hungertod sowjetischer Kriegsgefangener und Zivilisten bewusst in Kauf, lie\u00df sowjetische Offiziere und Kommissare auf der Basis v\u00f6lkerrechtswidriger Befehle ermorden und nutzte diesen Krieg zur damals so bezeichneten \u201eEndl\u00f6sung der Judenfrage\u201c.<br \/>&#8230;<br \/>Vor allem wegen der von Deutschen geplanten und ausgef\u00fchrten Massenverbrechen an der Zivilbev\u00f6lkerung starben im Kriegsverlauf zwischen 24 und 40 Millionen Bewohner der Sowjetunion. Dieser Krieg gilt wegen seiner verbrecherischen Ziele, Kriegsf\u00fchrung und Ergebnisse allgemein als der \u201eungeheuerlichste Eroberungs-, Versklavungs- und Vernichtungskrieg, den die moderne Geschichte kennt\u201c.<br \/><br \/>Das Kriegsende am 8.\/9. Mai 1945 wird in vielen L\u00e4ndern als Tag der Befreiung, in Russland als Tag des Sieges begangen.&lt;&lt;<br \/><br \/><a href=\"https:\/\/de.wikipedia.org\/wiki\/Deutsch-Sowjetischer_Krieg\" target=\"_blank\" rel=\"noreferrer noopener\">Deutsch-Sowjetischer Krieg<\/a> (Wikipedia)<\/p>\n<\/blockquote>\n\n\n\n<p>Mein Opa ist <s>in<\/s> <s>Stalingrad<\/s> in Wei\u00dfrussland bei Witebsk geblieben und im Gegensatz zu manch Politikern, bin ich nicht stolz auf das, was er im Zweiten Weltkrieg und speziell dort im Osten weit weg von zu Hause gemacht hat. Vielmehr bin ich dankbar daf\u00fcr, dass meine Omi diese Zeit \u00fcberlebt hat und es danach geschafft hat, ihre 3 kurz vor und im Krieg geborenen Kinder gro\u00df zu ziehen.<\/p>\n\n\n\n<figure class=\"wp-block-gallery has-nested-images columns-default is-cropped wp-block-gallery-1 is-layout-flex wp-block-gallery-is-layout-flex\">\n<figure class=\"wp-block-image\"><a href=\"file:\/\/\/storage\/emulated\/0\/Pictures\/Photo Editor\/IMG_20240711_103730.jpg\"><img loading=\"lazy\" decoding=\"async\" width=\"300\" height=\"188\" data-id=\"10687\" src=\"https:\/\/teamdochnoch.de\/wp-content\/uploads\/2024\/07\/IMG_20240711_103730-300x188.jpg\" alt=\"\" class=\"wp-image-10687 colorbox-10685\" srcset=\"https:\/\/teamdochnoch.de\/wp-content\/uploads\/2024\/07\/IMG_20240711_103730-300x188.jpg 300w, https:\/\/teamdochnoch.de\/wp-content\/uploads\/2024\/07\/IMG_20240711_103730-768x480.jpg 768w, https:\/\/teamdochnoch.de\/wp-content\/uploads\/2024\/07\/IMG_20240711_103730-1536x960.jpg 1536w, https:\/\/teamdochnoch.de\/wp-content\/uploads\/2024\/07\/IMG_20240711_103730.jpg 1920w\" sizes=\"auto, (max-width: 300px) 100vw, 300px\" \/><\/a><\/figure>\n\n\n\n<figure class=\"wp-block-image\"><a href=\"https:\/\/teamdochnoch.de\/wp-content\/uploads\/2024\/07\/IMG_20240711_103635-300x188.jpg\"><img loading=\"lazy\" decoding=\"async\" width=\"300\" height=\"188\" data-id=\"10688\" src=\"https:\/\/teamdochnoch.de\/wp-content\/uploads\/2024\/07\/IMG_20240711_103635-300x188.jpg\" alt=\"\" class=\"wp-image-10688 colorbox-10685\" srcset=\"https:\/\/teamdochnoch.de\/wp-content\/uploads\/2024\/07\/IMG_20240711_103635-300x188.jpg 300w, https:\/\/teamdochnoch.de\/wp-content\/uploads\/2024\/07\/IMG_20240711_103635-768x480.jpg 768w, https:\/\/teamdochnoch.de\/wp-content\/uploads\/2024\/07\/IMG_20240711_103635-1536x960.jpg 1536w, https:\/\/teamdochnoch.de\/wp-content\/uploads\/2024\/07\/IMG_20240711_103635.jpg 1920w\" sizes=\"auto, (max-width: 300px) 100vw, 300px\" \/><\/a><\/figure>\n\n\n\n<figure class=\"wp-block-image\"><a href=\"https:\/\/teamdochnoch.de\/wp-content\/uploads\/2024\/07\/IMG_20240711_103820-300x188.jpg\"><img loading=\"lazy\" decoding=\"async\" width=\"300\" height=\"188\" data-id=\"10689\" src=\"https:\/\/teamdochnoch.de\/wp-content\/uploads\/2024\/07\/IMG_20240711_103820-300x188.jpg\" alt=\"\" class=\"wp-image-10689 colorbox-10685\" srcset=\"https:\/\/teamdochnoch.de\/wp-content\/uploads\/2024\/07\/IMG_20240711_103820-300x188.jpg 300w, https:\/\/teamdochnoch.de\/wp-content\/uploads\/2024\/07\/IMG_20240711_103820-768x480.jpg 768w, https:\/\/teamdochnoch.de\/wp-content\/uploads\/2024\/07\/IMG_20240711_103820-1536x960.jpg 1536w, https:\/\/teamdochnoch.de\/wp-content\/uploads\/2024\/07\/IMG_20240711_103820.jpg 1920w\" sizes=\"auto, (max-width: 300px) 100vw, 300px\" \/><\/a><\/figure>\n<\/figure>\n","protected":false},"excerpt":{"rendered":"<p>Auf dem Heimweg halte ich kurz am Garnisonsfriedhof im Eberswalder Westend an und denke zur\u00fcck an die Zeit, die wir nicht erleben mussten, die aber unsere Region und unsere Familien so stark gepr\u00e4gt haben. Ich w\u00fcnsche mir, dass es nie wieder so weit kommt. In zwei Tagen am 22.06.2024 wird sich der Tag des \u00dcberfalls [&hellip;]<\/p>\n","protected":false},"author":1,"featured_media":10687,"comment_status":"open","ping_status":"open","sticky":false,"template":"","format":"standard","meta":{"footnotes":""},"categories":[1270,1],"tags":[38,72,1595,320,532,1596],"class_list":["post-10685","post","type-post","status-publish","format-standard","has-post-thumbnail","hentry","category-barnim","category-uncategorized","tag-barnim","tag-eberswalde","tag-gedenken","tag-oberbarnim","tag-splitter","tag-westend"],"_links":{"self":[{"href":"https:\/\/teamdochnoch.de\/teamdochnoch\/wp-json\/wp\/v2\/posts\/10685","targetHints":{"allow":["GET"]}}],"collection":[{"href":"https:\/\/teamdochnoch.de\/teamdochnoch\/wp-json\/wp\/v2\/posts"}],"about":[{"href":"https:\/\/teamdochnoch.de\/teamdochnoch\/wp-json\/wp\/v2\/types\/post"}],"author":[{"embeddable":true,"href":"https:\/\/teamdochnoch.de\/teamdochnoch\/wp-json\/wp\/v2\/users\/1"}],"replies":[{"embeddable":true,"href":"https:\/\/teamdochnoch.de\/teamdochnoch\/wp-json\/wp\/v2\/comments?post=10685"}],"version-history":[{"count":3,"href":"https:\/\/teamdochnoch.de\/teamdochnoch\/wp-json\/wp\/v2\/posts\/10685\/revisions"}],"predecessor-version":[{"id":11606,"href":"https:\/\/teamdochnoch.de\/teamdochnoch\/wp-json\/wp\/v2\/posts\/10685\/revisions\/11606"}],"wp:featuredmedia":[{"embeddable":true,"href":"https:\/\/teamdochnoch.de\/teamdochnoch\/wp-json\/wp\/v2\/media\/10687"}],"wp:attachment":[{"href":"https:\/\/teamdochnoch.de\/teamdochnoch\/wp-json\/wp\/v2\/media?parent=10685"}],"wp:term":[{"taxonomy":"category","embeddable":true,"href":"https:\/\/teamdochnoch.de\/teamdochnoch\/wp-json\/wp\/v2\/categories?post=10685"},{"taxonomy":"post_tag","embeddable":true,"href":"https:\/\/teamdochnoch.de\/teamdochnoch\/wp-json\/wp\/v2\/tags?post=10685"}],"curies":[{"name":"wp","href":"https:\/\/api.w.org\/{rel}","templated":true}]}}