{"id":10581,"date":"2024-06-04T18:06:00","date_gmt":"2024-06-04T16:06:00","guid":{"rendered":"https:\/\/teamdochnoch.de\/?p=10581"},"modified":"2024-06-05T10:38:13","modified_gmt":"2024-06-05T08:38:13","slug":"das-grosse-krabbeln","status":"publish","type":"post","link":"https:\/\/teamdochnoch.de\/teamdochnoch\/2024\/06\/04\/das-grosse-krabbeln\/","title":{"rendered":"Das gro\u00dfe Krabbeln"},"content":{"rendered":"\n<figure class=\"wp-block-image size-full\"><a href=\"https:\/\/teamdochnoch.de\/wp-content\/uploads\/2024\/06\/DSC03633.jpg\"><img loading=\"lazy\" decoding=\"async\" width=\"1920\" height=\"1203\" src=\"https:\/\/teamdochnoch.de\/wp-content\/uploads\/2024\/06\/DSC03633.jpg\" alt=\"\" class=\"wp-image-10582 colorbox-10581\" srcset=\"https:\/\/teamdochnoch.de\/wp-content\/uploads\/2024\/06\/DSC03633.jpg 1920w, https:\/\/teamdochnoch.de\/wp-content\/uploads\/2024\/06\/DSC03633-300x188.jpg 300w, https:\/\/teamdochnoch.de\/wp-content\/uploads\/2024\/06\/DSC03633-768x481.jpg 768w, https:\/\/teamdochnoch.de\/wp-content\/uploads\/2024\/06\/DSC03633-1536x962.jpg 1536w\" sizes=\"auto, (max-width: 1920px) 100vw, 1920px\" \/><\/a><\/figure>\n\n\n\n<p>Erstaunlich was da alles auf einer Bl\u00fcte krabbelt. Gr\u00fcne Scheinbockk\u00e4fer und ein <a href=\"https:\/\/de.wikipedia.org\/wiki\/Gemeiner_Scheinbockk%C3%A4fer\">Gemeiner Scheinbockk\u00e4fer<\/a> tummeln sich auf einer Bl\u00fcte in der N\u00e4he des Parsteinsees.<\/p>\n\n\n\n<blockquote class=\"wp-block-quote is-layout-flow wp-block-quote-is-layout-flow\">\n<p>Der Gr\u00fcne Scheinbockk\u00e4fer hat eine L\u00e4nge von circa 10 Millimetern, in Beschreibungen findet man Gr\u00f6\u00dfenangaben von 8 bis 15 Millimetern. Die F\u00fchler sind in etwa so lang wie der K\u00f6rper. Seine weiche K\u00f6rperdecke ist gl\u00e4nzend gr\u00fcn, je nach Lichteinfall mit metallischem Effekt.\u00a0<\/p>\n\n\n\n<p>&#8230;<\/p>\n\n\n\n<p>Das Verbreitungsgebiet des Gr\u00fcnen Scheinbockk\u00e4fers erstreckt sich \u00fcber S\u00fcd- und Westeuropa mit Ausnahme von Irland und den Hochalpen.<sup><a href=\"https:\/\/de.wikipedia.org\/wiki\/Gr%C3%BCner_Scheinbockk%C3%A4fer#cite_note-1\">[1]<\/a><\/sup>\u00a0In S\u00fcdeuropa ist er h\u00e4ufiger anzutreffen als n\u00f6rdlich der Alpen. Im Fr\u00fchling und Sommer findet man die K\u00e4fer auf Bl\u00fcten, die sich auf Wiesen, an Hecken, in G\u00e4rten und an Waldr\u00e4ndern befinden k\u00f6nnen.<\/p>\n<cite><a href=\"https:\/\/de.wikipedia.org\/wiki\/Gr%C3%BCner_Scheinbockk%C3%A4fer\">Gr\u00fcner Scheinbockk\u00e4fer<\/a><\/cite><\/blockquote>\n\n\n\n<p>Nach dem Wikipedia-Artikel ist der Barnim au\u00dferhalb des eigentlichen Verbreitungsgebietes der Gr\u00fcnen Scheinbockk\u00e4fer.<\/p>\n","protected":false},"excerpt":{"rendered":"<p>Erstaunlich was da alles auf einer Bl\u00fcte krabbelt. Gr\u00fcne Scheinbockk\u00e4fer und ein Gemeiner Scheinbockk\u00e4fer tummeln sich auf einer Bl\u00fcte in der N\u00e4he des Parsteinsees. Der Gr\u00fcne Scheinbockk\u00e4fer hat eine L\u00e4nge von circa 10 Millimetern, in Beschreibungen findet man Gr\u00f6\u00dfenangaben von 8 bis 15 Millimetern. Die F\u00fchler sind in etwa so lang wie der K\u00f6rper. Seine [&hellip;]<\/p>\n","protected":false},"author":1,"featured_media":10582,"comment_status":"open","ping_status":"open","sticky":false,"template":"","format":"standard","meta":{"footnotes":""},"categories":[1270],"tags":[468,1543,1575,1574,1569,467,1560],"class_list":["post-10581","post","type-post","status-publish","format-standard","has-post-thumbnail","hentry","category-barnim","tag-blumen","tag-blueten","tag-gemeiner-scheinbockkaefer","tag-gruener-scheinbockkaefer","tag-kaefer","tag-pflanzen","tag-serwest"],"_links":{"self":[{"href":"https:\/\/teamdochnoch.de\/teamdochnoch\/wp-json\/wp\/v2\/posts\/10581","targetHints":{"allow":["GET"]}}],"collection":[{"href":"https:\/\/teamdochnoch.de\/teamdochnoch\/wp-json\/wp\/v2\/posts"}],"about":[{"href":"https:\/\/teamdochnoch.de\/teamdochnoch\/wp-json\/wp\/v2\/types\/post"}],"author":[{"embeddable":true,"href":"https:\/\/teamdochnoch.de\/teamdochnoch\/wp-json\/wp\/v2\/users\/1"}],"replies":[{"embeddable":true,"href":"https:\/\/teamdochnoch.de\/teamdochnoch\/wp-json\/wp\/v2\/comments?post=10581"}],"version-history":[{"count":1,"href":"https:\/\/teamdochnoch.de\/teamdochnoch\/wp-json\/wp\/v2\/posts\/10581\/revisions"}],"predecessor-version":[{"id":10583,"href":"https:\/\/teamdochnoch.de\/teamdochnoch\/wp-json\/wp\/v2\/posts\/10581\/revisions\/10583"}],"wp:featuredmedia":[{"embeddable":true,"href":"https:\/\/teamdochnoch.de\/teamdochnoch\/wp-json\/wp\/v2\/media\/10582"}],"wp:attachment":[{"href":"https:\/\/teamdochnoch.de\/teamdochnoch\/wp-json\/wp\/v2\/media?parent=10581"}],"wp:term":[{"taxonomy":"category","embeddable":true,"href":"https:\/\/teamdochnoch.de\/teamdochnoch\/wp-json\/wp\/v2\/categories?post=10581"},{"taxonomy":"post_tag","embeddable":true,"href":"https:\/\/teamdochnoch.de\/teamdochnoch\/wp-json\/wp\/v2\/tags?post=10581"}],"curies":[{"name":"wp","href":"https:\/\/api.w.org\/{rel}","templated":true}]}}