{"id":10250,"date":"2024-03-07T08:23:54","date_gmt":"2024-03-07T07:23:54","guid":{"rendered":"https:\/\/teamdochnoch.de\/?p=10250"},"modified":"2024-03-07T10:08:58","modified_gmt":"2024-03-07T09:08:58","slug":"re3342-am-bahnstreiktag-in-melchow","status":"publish","type":"post","link":"https:\/\/teamdochnoch.de\/teamdochnoch\/2024\/03\/07\/re3342-am-bahnstreiktag-in-melchow\/","title":{"rendered":"RE3342 am Bahnstreiktag in Melchow"},"content":{"rendered":"\n<figure class=\"wp-block-image size-full\"><a href=\"https:\/\/teamdochnoch.de\/wp-content\/uploads\/2024\/03\/IMG_20240307_092315.jpg\"><img loading=\"lazy\" decoding=\"async\" width=\"1920\" height=\"1200\" src=\"https:\/\/teamdochnoch.de\/wp-content\/uploads\/2024\/03\/IMG_20240307_092315.jpg\" alt=\"\" class=\"wp-image-10248 colorbox-10250\" srcset=\"https:\/\/teamdochnoch.de\/wp-content\/uploads\/2024\/03\/IMG_20240307_092315.jpg 1920w, https:\/\/teamdochnoch.de\/wp-content\/uploads\/2024\/03\/IMG_20240307_092315-300x188.jpg 300w, https:\/\/teamdochnoch.de\/wp-content\/uploads\/2024\/03\/IMG_20240307_092315-768x480.jpg 768w, https:\/\/teamdochnoch.de\/wp-content\/uploads\/2024\/03\/IMG_20240307_092315-1536x960.jpg 1536w\" sizes=\"auto, (max-width: 1920px) 100vw, 1920px\" \/><\/a><\/figure>\n\n\n\n<p>Heute ist eigentlich Streik bei der Bahn, weil sich DB AG noch immer nicht mit den Lokf\u00fchrern einigen konnte. An der Stelle wundere ich mich immer noch, dass die in unserer Region fahrenden Privatbahnen wie <a href=\"https:\/\/teamdochnoch.de\/tag\/neb\/\" target=\"_blank\" rel=\"noreferrer noopener\">Niederbarnimer Eisenbahn (NEB)<\/a> oder <a href=\"https:\/\/teamdochnoch.de\/tag\/odeg\/\">Ostdeutsche Eisenbahn (ODEG)<\/a> und auch viele der G\u00fcterbahnen sich schon geeinigt hatten und deshalb heute regul\u00e4r fahren, die DB AG aber nicht. <\/p>\n\n\n\n<p>Wie <a href=\"https:\/\/teamdochnoch.de\/2024\/03\/07\/sri-185-537-8-in-melchow\/\" target=\"_blank\" rel=\"noreferrer noopener\">im vorherigen Beitrag aber schon kurz geschrieben<\/a>, f\u00e4hrt doch etwas rotes durch die Gegend. Die Regionalbahn RB24 f\u00e4hrt nicht, daf\u00fcr f\u00e4hrt aber ein RE3 durch die Gegend und h\u00e4lt an jeder Bahnsteigkante. <\/p>\n\n\n\n<p>Hier erwische ich RE 3342 nach Angerm\u00fcnde mit 147 016 als Zuglok bei Einfahrt in den Haltepunkt \/ Bahnhof Melchow. Der Zug ist so lang, dass er an dem gegen\u00fcber fr\u00fcher verk\u00fcrzten Bahnsteig nicht mehr komplett halten kann. Beim Steuerwagen war nur die in Fahrtrichtung vordere T\u00fcr in Bahnsteign\u00e4he. Es spielte aber auch keine gro\u00dfe Rolle, da der Zug insgesamt sehr leer war. Immerhin stieg in Melchow eine Person ein und zwei aus.<br><br>Der Steuerwagen hat die Nummer D-DB 50 80 86-81.009-2. Auf mich wirken viele der Steuerwagen gleich. Sie weisen aber doch je nach Region und Beschaffungsjahr Unterschiede auf. F\u00fcr den Typ DBpbzfa 766.1 schreibt die Seite <a href=\"https:\/\/www.deutsche-reisezugwagen.de\/\" target=\"_blank\" rel=\"noreferrer noopener\">deutsche-reisezugwagen.de<\/a> folgendes:<\/p>\n\n\n\n<blockquote class=\"wp-block-quote is-layout-flow wp-block-quote-is-layout-flow\">\n<p>Als Besonderheit bei DB Regio Nordost befindet sich in den modernen Doppelstockz\u00fcgen das Dienstabteil nicht mehr im Steuerwagen, sondern im in der Regel in der Zugmitte laufenden DABpza. Aus diesem Grund wurden u. a. Steuerwagen der Bauart DBpbzfa 766.1 beschafft, welche \u00fcber kein Dienstabteil verf\u00fcgen.<\/p>\n<cite><a href=\"https:\/\/www.deutsche-reisezugwagen.de\/wagendaten\/766-bd3ygeb-dbpbzfa\/\" target=\"_blank\" rel=\"noreferrer noopener\">DBpzfa 766.1 <\/a><\/cite><\/blockquote>\n\n\n\n<figure class=\"wp-block-image size-full\"><a href=\"https:\/\/teamdochnoch.de\/wp-content\/uploads\/2024\/03\/IMG_20240307_092403.jpg\"><img loading=\"lazy\" decoding=\"async\" width=\"1920\" height=\"1200\" src=\"https:\/\/teamdochnoch.de\/wp-content\/uploads\/2024\/03\/IMG_20240307_092403.jpg\" alt=\"\" class=\"wp-image-10249 colorbox-10250\" srcset=\"https:\/\/teamdochnoch.de\/wp-content\/uploads\/2024\/03\/IMG_20240307_092403.jpg 1920w, https:\/\/teamdochnoch.de\/wp-content\/uploads\/2024\/03\/IMG_20240307_092403-300x188.jpg 300w, https:\/\/teamdochnoch.de\/wp-content\/uploads\/2024\/03\/IMG_20240307_092403-768x480.jpg 768w, https:\/\/teamdochnoch.de\/wp-content\/uploads\/2024\/03\/IMG_20240307_092403-1536x960.jpg 1536w\" sizes=\"auto, (max-width: 1920px) 100vw, 1920px\" \/><\/a><\/figure>\n","protected":false},"excerpt":{"rendered":"<p>Heute ist eigentlich Streik bei der Bahn, weil sich DB AG noch immer nicht mit den Lokf\u00fchrern einigen konnte. An der Stelle wundere ich mich immer noch, dass die in unserer Region fahrenden Privatbahnen wie Niederbarnimer Eisenbahn (NEB) oder Ostdeutsche Eisenbahn (ODEG) und auch viele der G\u00fcterbahnen sich schon geeinigt hatten und deshalb heute regul\u00e4r [&hellip;]<\/p>\n","protected":false},"author":1,"featured_media":10248,"comment_status":"open","ping_status":"open","sticky":false,"template":"","format":"standard","meta":{"footnotes":""},"categories":[5],"tags":[335,38,614,63,708,405,332,299,132,320,404,336,1465,1252],"class_list":["post-10250","post","type-post","status-publish","format-standard","has-post-thumbnail","hentry","category-verkehr","tag-bahn-berlin-stettin","tag-barnim","tag-br-147","tag-db-ag","tag-dbpzfa-766-1","tag-doppelstock","tag-e-lok","tag-eisenbahn","tag-melchow","tag-oberbarnim","tag-re3","tag-regionalexpress","tag-streik","tag-traxx-p160-ac3"],"_links":{"self":[{"href":"https:\/\/teamdochnoch.de\/teamdochnoch\/wp-json\/wp\/v2\/posts\/10250","targetHints":{"allow":["GET"]}}],"collection":[{"href":"https:\/\/teamdochnoch.de\/teamdochnoch\/wp-json\/wp\/v2\/posts"}],"about":[{"href":"https:\/\/teamdochnoch.de\/teamdochnoch\/wp-json\/wp\/v2\/types\/post"}],"author":[{"embeddable":true,"href":"https:\/\/teamdochnoch.de\/teamdochnoch\/wp-json\/wp\/v2\/users\/1"}],"replies":[{"embeddable":true,"href":"https:\/\/teamdochnoch.de\/teamdochnoch\/wp-json\/wp\/v2\/comments?post=10250"}],"version-history":[{"count":1,"href":"https:\/\/teamdochnoch.de\/teamdochnoch\/wp-json\/wp\/v2\/posts\/10250\/revisions"}],"predecessor-version":[{"id":10251,"href":"https:\/\/teamdochnoch.de\/teamdochnoch\/wp-json\/wp\/v2\/posts\/10250\/revisions\/10251"}],"wp:featuredmedia":[{"embeddable":true,"href":"https:\/\/teamdochnoch.de\/teamdochnoch\/wp-json\/wp\/v2\/media\/10248"}],"wp:attachment":[{"href":"https:\/\/teamdochnoch.de\/teamdochnoch\/wp-json\/wp\/v2\/media?parent=10250"}],"wp:term":[{"taxonomy":"category","embeddable":true,"href":"https:\/\/teamdochnoch.de\/teamdochnoch\/wp-json\/wp\/v2\/categories?post=10250"},{"taxonomy":"post_tag","embeddable":true,"href":"https:\/\/teamdochnoch.de\/teamdochnoch\/wp-json\/wp\/v2\/tags?post=10250"}],"curies":[{"name":"wp","href":"https:\/\/api.w.org\/{rel}","templated":true}]}}